{"id":98439,"date":"2026-04-27T08:45:48","date_gmt":"2026-04-27T08:45:48","guid":{"rendered":"https:\/\/www.temsilder.org.tr\/?p=98439"},"modified":"2026-04-30T09:09:54","modified_gmt":"2026-04-30T09:09:54","slug":"temsil-der-kitap-kulubu-ikinci-sezonu-devam-ediyor-4","status":"publish","type":"post","link":"https:\/\/www.temsilder.org.tr\/en\/temsil-der-kitap-kulubu-ikinci-sezonu-devam-ediyor-4\/","title":{"rendered":"TEMS\u0130L-DER Kitap Kul\u00fcb\u00fc \u0130kinci Sezonu Devam Ediyor"},"content":{"rendered":"<p>Temsil Kad\u0131n ve Aile Okulu projesi kapsam\u0131nda her ay edebiyat, psikoloji, kad\u0131n, aile, \u00e7ocuk geli\u015fimi, felsefe, tarih ve sosyoloji gibi farkl\u0131 alanlarda okumalar\u0131n yap\u0131ld\u0131\u011f\u0131 kul\u00fcb\u00fcm\u00fcz\u00fcn ikinci sezonun be\u015finci oturumunda Nil\u00fcfer Devecigil\u2019in \u201cI\u015f\u0131\u011f\u0131n Yolu\u201d adl\u0131 kitab\u0131 m\u00fczakere edildi.<\/p>\n\n\n\n<p>27 Nisan Pazartesi g\u00fcn\u00fc saat 10.00\u2019da dernek merkezimizde ger\u00e7ekle\u015fen bulu\u015fmaya 8 ki\u015fi kat\u0131ld\u0131.<\/p>","protected":false},"excerpt":{"rendered":"<p>Temsil Kad\u0131n ve Aile Okulu projesi kapsam\u0131nda her ay edebiyat, psikoloji, kad\u0131n, aile, \u00e7ocuk geli\u015fimi, felsefe, tarih ve sosyoloji gibi farkl\u0131 alanlarda okumalar\u0131n yap\u0131ld\u0131\u011f\u0131 kul\u00fcb\u00fcm\u00fcz\u00fcn ikinci sezonun be\u015finci oturumunda Nil\u00fcfer Devecigil\u2019in \u201cI\u015f\u0131\u011f\u0131n Yolu\u201d adl\u0131 kitab\u0131 m\u00fczakere edildi. 27 Nisan Pazartesi g\u00fcn\u00fc saat 10.00\u2019da dernek merkezimizde ger\u00e7ekle\u015fen bulu\u015fmaya 8 ki\u015fi kat\u0131ld\u0131.<\/p>","protected":false},"author":1,"featured_media":98442,"comment_status":"closed","ping_status":"closed","sticky":false,"template":"","format":"standard","meta":{"_themeisle_gutenberg_block_has_review":false,"footnotes":""},"categories":[48],"tags":[],"_links":{"self":[{"href":"https:\/\/www.temsilder.org.tr\/en\/wp-json\/wp\/v2\/posts\/98439"}],"collection":[{"href":"https:\/\/www.temsilder.org.tr\/en\/wp-json\/wp\/v2\/posts"}],"about":[{"href":"https:\/\/www.temsilder.org.tr\/en\/wp-json\/wp\/v2\/types\/post"}],"author":[{"embeddable":true,"href":"https:\/\/www.temsilder.org.tr\/en\/wp-json\/wp\/v2\/users\/1"}],"replies":[{"embeddable":true,"href":"https:\/\/www.temsilder.org.tr\/en\/wp-json\/wp\/v2\/comments?post=98439"}],"version-history":[{"count":1,"href":"https:\/\/www.temsilder.org.tr\/en\/wp-json\/wp\/v2\/posts\/98439\/revisions"}],"predecessor-version":[{"id":98441,"href":"https:\/\/www.temsilder.org.tr\/en\/wp-json\/wp\/v2\/posts\/98439\/revisions\/98441"}],"wp:featuredmedia":[{"embeddable":true,"href":"https:\/\/www.temsilder.org.tr\/en\/wp-json\/wp\/v2\/media\/98442"}],"wp:attachment":[{"href":"https:\/\/www.temsilder.org.tr\/en\/wp-json\/wp\/v2\/media?parent=98439"}],"wp:term":[{"taxonomy":"category","embeddable":true,"href":"https:\/\/www.temsilder.org.tr\/en\/wp-json\/wp\/v2\/categories?post=98439"},{"taxonomy":"post_tag","embeddable":true,"href":"https:\/\/www.temsilder.org.tr\/en\/wp-json\/wp\/v2\/tags?post=98439"}],"curies":[{"name":"wp","href":"https:\/\/api.w.org\/{rel}","templated":true}]}}