{"id":98409,"date":"2026-04-24T18:14:00","date_gmt":"2026-04-24T18:14:00","guid":{"rendered":"https:\/\/www.temsilder.org.tr\/?p=98409"},"modified":"2026-04-30T09:10:35","modified_gmt":"2026-04-30T09:10:35","slug":"arsin-golgesindeki-genc","status":"publish","type":"post","link":"https:\/\/www.temsilder.org.tr\/en\/arsin-golgesindeki-genc\/","title":{"rendered":"Ar\u015f\u0131n G\u00f6lgesindeki Gen\u00e7"},"content":{"rendered":"<div data-elementor-type=\"wp-post\" data-elementor-id=\"98409\" class=\"elementor elementor-98409\" data-elementor-post-type=\"post\">\n\t\t\t\t\t\t<section class=\"default no-position elementor-section elementor-top-section elementor-element elementor-element-552c57a2 elementor-section-boxed elementor-section-height-default elementor-section-height-default\" data-id=\"552c57a2\" data-element_type=\"section\">\n\t\t\t\t\t\t<div class=\"elementor-container elementor-column-gap-default\">\n\t\t\t\t\t<div class=\"elementor-column elementor-col-100 elementor-top-column elementor-element elementor-element-6c00da99\" data-id=\"6c00da99\" data-element_type=\"column\">\n\t\t\t<div class=\"elementor-widget-wrap elementor-element-populated\">\n\t\t\t\t\t\t<div class=\"elementor-element elementor-element-34b72679 elementor-widget elementor-widget-text-editor\" data-id=\"34b72679\" data-element_type=\"widget\" data-widget_type=\"text-editor.default\">\n\t\t\t\t<div class=\"elementor-widget-container\">\n\t\t\t\t\t\t\t\t\t\n<p>G\u00f6kt\u00fcrk G\u00f6n\u00fcl El\u00e7ileri ile ortakla\u015fa d\u00fczenledi\u011fimiz gen\u00e7lik bulu\u015fmalar\u0131m\u0131zda ge\u00e7en hafta, kurucu ba\u015fkan\u0131m\u0131z Nurettin Ceylan&#8217;\u0131 a\u011f\u0131rlad\u0131k. 24 Nisan Cuma g\u00fcn\u00fc saat 18.00\u2019de dernek merkezinde ger\u00e7ekle\u015fen ve 15 gencin kat\u0131ld\u0131\u011f\u0131 programda, kurucu ba\u015fkan\u0131m\u0131z \u201cAr\u015f\u0131n G\u00f6lgesindeki Gen\u00e7\u201d ba\u015fl\u0131kl\u0131 bir konu\u015fma ger\u00e7ekle\u015ftirdi. Etkinli\u011fimiz, ikramlar\u0131n ard\u0131ndan sona erdi.<\/p>\n\t\t\t\t\t\t\t\t<\/div>\n\t\t\t\t<\/div>\n\t\t\t\t\t<\/div>\n\t\t<\/div>\n\t\t\t\t\t<\/div>\n\t\t<\/section>\n\t\t\t\t<section class=\"default no-position elementor-section elementor-top-section elementor-element elementor-element-5780cdd elementor-section-boxed elementor-section-height-default elementor-section-height-default\" data-id=\"5780cdd\" data-element_type=\"section\">\n\t\t\t\t\t\t<div class=\"elementor-container elementor-column-gap-default\">\n\t\t\t\t\t<div class=\"elementor-column elementor-col-100 elementor-top-column elementor-element elementor-element-2f44e74\" data-id=\"2f44e74\" data-element_type=\"column\">\n\t\t\t<div class=\"elementor-widget-wrap elementor-element-populated\">\n\t\t\t\t\t\t<div class=\"elementor-element elementor-element-308cf01 gallery-spacing-custom elementor-widget elementor-widget-image-gallery\" data-id=\"308cf01\" data-element_type=\"widget\" data-widget_type=\"image-gallery.default\">\n\t\t\t\t<div class=\"elementor-widget-container\">\n\t\t\t\t\t\t\t<div class=\"elementor-image-gallery\">\n\t\t\t<div id='gallery-1' class='gallery galleryid-98409 gallery-columns-2 gallery-size-full'><figure class='gallery-item'>\n\t\t\t<div class='gallery-icon landscape'>\n\t\t\t\t<a data-elementor-open-lightbox=\"yes\" data-elementor-lightbox-slideshow=\"308cf01\" data-elementor-lightbox-title=\"1\" data-e-action-hash=\"#elementor-action%3Aaction%3Dlightbox%26settings%3DeyJpZCI6OTg0MTAsInVybCI6Imh0dHBzOlwvXC93d3cudGVtc2lsZGVyLm9yZy50clwvd3AtY29udGVudFwvdXBsb2Fkc1wvMjAyNlwvMDRcLzEucG5nIiwic2xpZGVzaG93IjoiMzA4Y2YwMSJ9\" href='https:\/\/www.temsilder.org.tr\/wp-content\/uploads\/2026\/04\/1.png'><img fetchpriority=\"high\" width=\"1200\" height=\"650\" src=\"https:\/\/www.temsilder.org.tr\/wp-content\/uploads\/2026\/04\/1.png\" class=\"attachment-full size-full\" alt=\"\" decoding=\"async\" srcset=\"https:\/\/www.temsilder.org.tr\/wp-content\/uploads\/2026\/04\/1.png 1200w, https:\/\/www.temsilder.org.tr\/wp-content\/uploads\/2026\/04\/1-300x163.png 300w, https:\/\/www.temsilder.org.tr\/wp-content\/uploads\/2026\/04\/1-1024x555.png 1024w, https:\/\/www.temsilder.org.tr\/wp-content\/uploads\/2026\/04\/1-768x416.png 768w, https:\/\/www.temsilder.org.tr\/wp-content\/uploads\/2026\/04\/1-18x10.png 18w\" sizes=\"(max-width: 1200px) 100vw, 1200px\" \/><\/a>\n\t\t\t<\/div><\/figure><figure class='gallery-item'>\n\t\t\t<div class='gallery-icon landscape'>\n\t\t\t\t<a data-elementor-open-lightbox=\"yes\" data-elementor-lightbox-slideshow=\"308cf01\" data-elementor-lightbox-title=\"2\" data-e-action-hash=\"#elementor-action%3Aaction%3Dlightbox%26settings%3DeyJpZCI6OTg0MTEsInVybCI6Imh0dHBzOlwvXC93d3cudGVtc2lsZGVyLm9yZy50clwvd3AtY29udGVudFwvdXBsb2Fkc1wvMjAyNlwvMDRcLzItMS5wbmciLCJzbGlkZXNob3ciOiIzMDhjZjAxIn0%3D\" href='https:\/\/www.temsilder.org.tr\/wp-content\/uploads\/2026\/04\/2-1.png'><img width=\"1200\" height=\"650\" src=\"https:\/\/www.temsilder.org.tr\/wp-content\/uploads\/2026\/04\/2-1.png\" class=\"attachment-full size-full\" alt=\"\" decoding=\"async\" srcset=\"https:\/\/www.temsilder.org.tr\/wp-content\/uploads\/2026\/04\/2-1.png 1200w, https:\/\/www.temsilder.org.tr\/wp-content\/uploads\/2026\/04\/2-1-300x163.png 300w, https:\/\/www.temsilder.org.tr\/wp-content\/uploads\/2026\/04\/2-1-1024x555.png 1024w, https:\/\/www.temsilder.org.tr\/wp-content\/uploads\/2026\/04\/2-1-768x416.png 768w, https:\/\/www.temsilder.org.tr\/wp-content\/uploads\/2026\/04\/2-1-18x10.png 18w\" sizes=\"(max-width: 1200px) 100vw, 1200px\" \/><\/a>\n\t\t\t<\/div><\/figure><figure class='gallery-item'>\n\t\t\t<div class='gallery-icon landscape'>\n\t\t\t\t<a data-elementor-open-lightbox=\"yes\" data-elementor-lightbox-slideshow=\"308cf01\" data-elementor-lightbox-title=\"3\" data-e-action-hash=\"#elementor-action%3Aaction%3Dlightbox%26settings%3DeyJpZCI6OTg0MTIsInVybCI6Imh0dHBzOlwvXC93d3cudGVtc2lsZGVyLm9yZy50clwvd3AtY29udGVudFwvdXBsb2Fkc1wvMjAyNlwvMDRcLzMucG5nIiwic2xpZGVzaG93IjoiMzA4Y2YwMSJ9\" href='https:\/\/www.temsilder.org.tr\/wp-content\/uploads\/2026\/04\/3.png'><img width=\"1200\" height=\"650\" src=\"https:\/\/www.temsilder.org.tr\/wp-content\/uploads\/2026\/04\/3.png\" class=\"attachment-full size-full\" alt=\"\" decoding=\"async\" srcset=\"https:\/\/www.temsilder.org.tr\/wp-content\/uploads\/2026\/04\/3.png 1200w, https:\/\/www.temsilder.org.tr\/wp-content\/uploads\/2026\/04\/3-300x163.png 300w, https:\/\/www.temsilder.org.tr\/wp-content\/uploads\/2026\/04\/3-1024x555.png 1024w, https:\/\/www.temsilder.org.tr\/wp-content\/uploads\/2026\/04\/3-768x416.png 768w, https:\/\/www.temsilder.org.tr\/wp-content\/uploads\/2026\/04\/3-18x10.png 18w\" sizes=\"(max-width: 1200px) 100vw, 1200px\" \/><\/a>\n\t\t\t<\/div><\/figure>\n\t\t<\/div>\n\t\t<\/div>\n\t\t\t\t\t\t<\/div>\n\t\t\t\t<\/div>\n\t\t\t\t\t<\/div>\n\t\t<\/div>\n\t\t\t\t\t<\/div>\n\t\t<\/section>\n\t\t\t\t<\/div>","protected":false},"excerpt":{"rendered":"<p>G\u00f6kt\u00fcrk G\u00f6n\u00fcl El\u00e7ileri ile ortakla\u015fa d\u00fczenledi\u011fimiz gen\u00e7lik bulu\u015fmalar\u0131m\u0131zda ge\u00e7en hafta, kurucu ba\u015fkan\u0131m\u0131z Nurettin Ceylan&#8217;\u0131 a\u011f\u0131rlad\u0131k. 24 Nisan Cuma g\u00fcn\u00fc saat 18.00\u2019de dernek merkezinde ger\u00e7ekle\u015fen ve 15 gencin kat\u0131ld\u0131\u011f\u0131 programda, kurucu ba\u015fkan\u0131m\u0131z \u201cAr\u015f\u0131n G\u00f6lgesindeki Gen\u00e7\u201d ba\u015fl\u0131kl\u0131 bir konu\u015fma ger\u00e7ekle\u015ftirdi. Etkinli\u011fimiz, ikramlar\u0131n ard\u0131ndan sona erdi.<\/p>","protected":false},"author":1,"featured_media":98410,"comment_status":"closed","ping_status":"closed","sticky":false,"template":"","format":"standard","meta":{"_themeisle_gutenberg_block_has_review":false,"footnotes":""},"categories":[48],"tags":[],"_links":{"self":[{"href":"https:\/\/www.temsilder.org.tr\/en\/wp-json\/wp\/v2\/posts\/98409"}],"collection":[{"href":"https:\/\/www.temsilder.org.tr\/en\/wp-json\/wp\/v2\/posts"}],"about":[{"href":"https:\/\/www.temsilder.org.tr\/en\/wp-json\/wp\/v2\/types\/post"}],"author":[{"embeddable":true,"href":"https:\/\/www.temsilder.org.tr\/en\/wp-json\/wp\/v2\/users\/1"}],"replies":[{"embeddable":true,"href":"https:\/\/www.temsilder.org.tr\/en\/wp-json\/wp\/v2\/comments?post=98409"}],"version-history":[{"count":5,"href":"https:\/\/www.temsilder.org.tr\/en\/wp-json\/wp\/v2\/posts\/98409\/revisions"}],"predecessor-version":[{"id":98446,"href":"https:\/\/www.temsilder.org.tr\/en\/wp-json\/wp\/v2\/posts\/98409\/revisions\/98446"}],"wp:featuredmedia":[{"embeddable":true,"href":"https:\/\/www.temsilder.org.tr\/en\/wp-json\/wp\/v2\/media\/98410"}],"wp:attachment":[{"href":"https:\/\/www.temsilder.org.tr\/en\/wp-json\/wp\/v2\/media?parent=98409"}],"wp:term":[{"taxonomy":"category","embeddable":true,"href":"https:\/\/www.temsilder.org.tr\/en\/wp-json\/wp\/v2\/categories?post=98409"},{"taxonomy":"post_tag","embeddable":true,"href":"https:\/\/www.temsilder.org.tr\/en\/wp-json\/wp\/v2\/tags?post=98409"}],"curies":[{"name":"wp","href":"https:\/\/api.w.org\/{rel}","templated":true}]}}