{"id":98141,"date":"2026-01-13T09:25:20","date_gmt":"2026-01-13T09:25:20","guid":{"rendered":"https:\/\/www.temsilder.org.tr\/?p=98141"},"modified":"2026-01-13T09:25:59","modified_gmt":"2026-01-13T09:25:59","slug":"kaygili-ogrencilerle-etkili-iletisim-ayse-oktay-yildirim","status":"publish","type":"post","link":"https:\/\/www.temsilder.org.tr\/en\/kaygili-ogrencilerle-etkili-iletisim-ayse-oktay-yildirim\/","title":{"rendered":"Kayg\u0131l\u0131 \u00d6\u011frencilerle Etkili \u0130leti\u015fim &#8211; Ay\u015fe Oktay Y\u0131ld\u0131r\u0131m"},"content":{"rendered":"<p>Temsil Akademi projemiz kapsam\u0131nda, \u0130GEDER i\u015f birli\u011fiyle d\u00fczenledi\u011fimiz \u201c\u00c7evrimi\u00e7i E\u011fitimci Geli\u015fim Kul\u00fcb\u00fc\u201d seminer dizimiz ba\u015far\u0131yla tamamland\u0131.<\/p>\n\n\n\n<p>5 Aral\u0131k 2025-9 Ocak 2026 tarihleri aras\u0131nda, 6 hafta boyunca \u00e7evrimi\u00e7i olarak ger\u00e7ekle\u015ftirilen e\u011fitim program\u0131m\u0131z\u0131n son oturumunda Ay\u015fe Oktay Y\u0131ld\u0131r\u0131m ile \u201cKayg\u0131l\u0131 \u00d6\u011frencilerle Etkili \u0130leti\u015fim\u201d ba\u015fl\u0131\u011f\u0131 alt\u0131nda e\u011fitimcilerle bir araya geldik.<\/p>\n\n\n\n<p>9 Ocak Cuma g\u00fcn\u00fc saat 20.00\u2019de ger\u00e7ekle\u015fen e\u011fitime 39 ki\u015fi kat\u0131l\u0131m sa\u011flad\u0131.<\/p>\n\n\n\n<p>K\u0131ymetli katk\u0131 ve destekleri i\u00e7in \u0130GEDER ailesine ve de\u011ferli hocalar\u0131m\u0131za te\u015fekk\u00fcr ederiz.<\/p>\n\n\n\n<p>\u0130lgi g\u00f6steren t\u00fcm kat\u0131l\u0131mc\u0131lar\u0131m\u0131z\u0131 tebrik ediyor, birlikte nice verimli programlarda yeniden bulu\u015fmay\u0131 temenni ediyoruz.<\/p>","protected":false},"excerpt":{"rendered":"<p>Temsil Akademi projemiz kapsam\u0131nda, \u0130GEDER i\u015f birli\u011fiyle d\u00fczenledi\u011fimiz \u201c\u00c7evrimi\u00e7i E\u011fitimci Geli\u015fim Kul\u00fcb\u00fc\u201d seminer dizimiz ba\u015far\u0131yla tamamland\u0131. 5 Aral\u0131k 2025-9 Ocak 2026 tarihleri aras\u0131nda, 6 hafta boyunca \u00e7evrimi\u00e7i olarak ger\u00e7ekle\u015ftirilen e\u011fitim program\u0131m\u0131z\u0131n son oturumunda Ay\u015fe Oktay Y\u0131ld\u0131r\u0131m ile \u201cKayg\u0131l\u0131 \u00d6\u011frencilerle Etkili \u0130leti\u015fim\u201d ba\u015fl\u0131\u011f\u0131 alt\u0131nda e\u011fitimcilerle bir araya geldik. 9 Ocak Cuma g\u00fcn\u00fc saat 20.00\u2019de ger\u00e7ekle\u015fen e\u011fitime&#8230;<\/p>","protected":false},"author":1,"featured_media":98144,"comment_status":"closed","ping_status":"closed","sticky":false,"template":"","format":"standard","meta":{"_themeisle_gutenberg_block_has_review":false,"footnotes":""},"categories":[48],"tags":[],"_links":{"self":[{"href":"https:\/\/www.temsilder.org.tr\/en\/wp-json\/wp\/v2\/posts\/98141"}],"collection":[{"href":"https:\/\/www.temsilder.org.tr\/en\/wp-json\/wp\/v2\/posts"}],"about":[{"href":"https:\/\/www.temsilder.org.tr\/en\/wp-json\/wp\/v2\/types\/post"}],"author":[{"embeddable":true,"href":"https:\/\/www.temsilder.org.tr\/en\/wp-json\/wp\/v2\/users\/1"}],"replies":[{"embeddable":true,"href":"https:\/\/www.temsilder.org.tr\/en\/wp-json\/wp\/v2\/comments?post=98141"}],"version-history":[{"count":1,"href":"https:\/\/www.temsilder.org.tr\/en\/wp-json\/wp\/v2\/posts\/98141\/revisions"}],"predecessor-version":[{"id":98143,"href":"https:\/\/www.temsilder.org.tr\/en\/wp-json\/wp\/v2\/posts\/98141\/revisions\/98143"}],"wp:featuredmedia":[{"embeddable":true,"href":"https:\/\/www.temsilder.org.tr\/en\/wp-json\/wp\/v2\/media\/98144"}],"wp:attachment":[{"href":"https:\/\/www.temsilder.org.tr\/en\/wp-json\/wp\/v2\/media?parent=98141"}],"wp:term":[{"taxonomy":"category","embeddable":true,"href":"https:\/\/www.temsilder.org.tr\/en\/wp-json\/wp\/v2\/categories?post=98141"},{"taxonomy":"post_tag","embeddable":true,"href":"https:\/\/www.temsilder.org.tr\/en\/wp-json\/wp\/v2\/tags?post=98141"}],"curies":[{"name":"wp","href":"https:\/\/api.w.org\/{rel}","templated":true}]}}