{"id":98110,"date":"2025-12-29T11:44:39","date_gmt":"2025-12-29T11:44:39","guid":{"rendered":"https:\/\/www.temsilder.org.tr\/?p=98110"},"modified":"2025-12-29T11:44:40","modified_gmt":"2025-12-29T11:44:40","slug":"yonetim-kurulu-toplantisi","status":"publish","type":"post","link":"https:\/\/www.temsilder.org.tr\/en\/yonetim-kurulu-toplantisi\/","title":{"rendered":"Y\u00f6netim Kurulu Toplant\u0131s\u0131"},"content":{"rendered":"<p>Derne\u011fimiz Y\u00f6netim Kurulu, y\u0131l\u0131n son toplant\u0131s\u0131n\u0131 28 Aral\u0131k 2025 Pazar g\u00fcn\u00fc dernek merkezimizde ger\u00e7ekle\u015ftirdi.<\/p>\n\n\n\n<p>Y\u00f6netim Kurulu Ba\u015fkan\u0131m\u0131z S\u00fcleyman Saka\u2019n\u0131n ba\u015fkanl\u0131\u011f\u0131nda toplanan kurulda 2025 y\u0131l\u0131 faaliyetleri de\u011ferlendirilmi\u015f ve 2026 y\u0131l\u0131 faaliyet planlamas\u0131 ile b\u00fct\u00e7e \u00e7al\u0131\u015fmalar\u0131 hakk\u0131nda isti\u015farelerde bulunulmu\u015ftur.<\/p>\n\n\n\n<p>Toplant\u0131da al\u0131nan kararlar\u0131n hay\u0131rlara vesile olmas\u0131n\u0131 temenni ediyor, bug\u00fcne kadar destekleriyle faaliyetlerimize g\u00fc\u00e7 veren t\u00fcm \u00fcye ve ba\u011f\u0131\u015f\u00e7\u0131lar\u0131m\u0131za te\u015fekk\u00fcr ediyoruz.<\/p>","protected":false},"excerpt":{"rendered":"<p>Derne\u011fimiz Y\u00f6netim Kurulu, y\u0131l\u0131n son toplant\u0131s\u0131n\u0131 28 Aral\u0131k 2025 Pazar g\u00fcn\u00fc dernek merkezimizde ger\u00e7ekle\u015ftirdi. Y\u00f6netim Kurulu Ba\u015fkan\u0131m\u0131z S\u00fcleyman Saka\u2019n\u0131n ba\u015fkanl\u0131\u011f\u0131nda toplanan kurulda 2025 y\u0131l\u0131 faaliyetleri de\u011ferlendirilmi\u015f ve 2026 y\u0131l\u0131 faaliyet planlamas\u0131 ile b\u00fct\u00e7e \u00e7al\u0131\u015fmalar\u0131 hakk\u0131nda isti\u015farelerde bulunulmu\u015ftur. Toplant\u0131da al\u0131nan kararlar\u0131n hay\u0131rlara vesile olmas\u0131n\u0131 temenni ediyor, bug\u00fcne kadar destekleriyle faaliyetlerimize g\u00fc\u00e7 veren t\u00fcm \u00fcye ve ba\u011f\u0131\u015f\u00e7\u0131lar\u0131m\u0131za&#8230;<\/p>","protected":false},"author":1,"featured_media":98111,"comment_status":"closed","ping_status":"closed","sticky":false,"template":"","format":"standard","meta":{"_themeisle_gutenberg_block_has_review":false,"footnotes":""},"categories":[48],"tags":[],"_links":{"self":[{"href":"https:\/\/www.temsilder.org.tr\/en\/wp-json\/wp\/v2\/posts\/98110"}],"collection":[{"href":"https:\/\/www.temsilder.org.tr\/en\/wp-json\/wp\/v2\/posts"}],"about":[{"href":"https:\/\/www.temsilder.org.tr\/en\/wp-json\/wp\/v2\/types\/post"}],"author":[{"embeddable":true,"href":"https:\/\/www.temsilder.org.tr\/en\/wp-json\/wp\/v2\/users\/1"}],"replies":[{"embeddable":true,"href":"https:\/\/www.temsilder.org.tr\/en\/wp-json\/wp\/v2\/comments?post=98110"}],"version-history":[{"count":1,"href":"https:\/\/www.temsilder.org.tr\/en\/wp-json\/wp\/v2\/posts\/98110\/revisions"}],"predecessor-version":[{"id":98112,"href":"https:\/\/www.temsilder.org.tr\/en\/wp-json\/wp\/v2\/posts\/98110\/revisions\/98112"}],"wp:featuredmedia":[{"embeddable":true,"href":"https:\/\/www.temsilder.org.tr\/en\/wp-json\/wp\/v2\/media\/98111"}],"wp:attachment":[{"href":"https:\/\/www.temsilder.org.tr\/en\/wp-json\/wp\/v2\/media?parent=98110"}],"wp:term":[{"taxonomy":"category","embeddable":true,"href":"https:\/\/www.temsilder.org.tr\/en\/wp-json\/wp\/v2\/categories?post=98110"},{"taxonomy":"post_tag","embeddable":true,"href":"https:\/\/www.temsilder.org.tr\/en\/wp-json\/wp\/v2\/tags?post=98110"}],"curies":[{"name":"wp","href":"https:\/\/api.w.org\/{rel}","templated":true}]}}