{"id":97753,"date":"2025-08-01T12:09:13","date_gmt":"2025-08-01T12:09:13","guid":{"rendered":"https:\/\/www.temsilder.org.tr\/?p=97753"},"modified":"2025-09-04T10:26:08","modified_gmt":"2025-09-04T10:26:08","slug":"temsil-der-staj-ve-bursiyer-programi-basvurulari-basladi","status":"publish","type":"post","link":"https:\/\/www.temsilder.org.tr\/en\/temsil-der-staj-ve-bursiyer-programi-basvurulari-basladi\/","title":{"rendered":"TEMS\u0130L-DER Staj ve Bursiyer Program\u0131 Ba\u015fvurular\u0131 Ba\u015flad\u0131!"},"content":{"rendered":"<div data-elementor-type=\"wp-post\" data-elementor-id=\"97753\" class=\"elementor elementor-97753\" data-elementor-post-type=\"post\">\n\t\t\t\t\t\t<section class=\"default no-position elementor-section elementor-top-section elementor-element elementor-element-846d142 elementor-section-boxed elementor-section-height-default elementor-section-height-default\" data-id=\"846d142\" data-element_type=\"section\">\n\t\t\t\t\t\t<div class=\"elementor-container elementor-column-gap-default\">\n\t\t\t\t\t<div class=\"elementor-column elementor-col-100 elementor-top-column elementor-element elementor-element-bef2c21\" data-id=\"bef2c21\" data-element_type=\"column\">\n\t\t\t<div class=\"elementor-widget-wrap elementor-element-populated\">\n\t\t\t\t\t\t<div class=\"elementor-element elementor-element-a65a113 elementor-widget elementor-widget-rs-heading\" data-id=\"a65a113\" data-element_type=\"widget\" data-widget_type=\"rs-heading.default\">\n\t\t\t\t<div class=\"elementor-widget-container\">\n\t\t\t\t\t\n        <div class=\"prelements-heading default animate-  normal_color  subnormal_color dots_no subnormal_color\">\n        \t<div class=\"title-inner\">      \t\t\n\t            \t\t\t\t\n\t\t\t\t\t        <\/div>\n\t                    \t<div class=\"description\">\n            \t\t            \t\t<p>Temsil E\u011fitim ve K\u00fclt\u00fcr Derne\u011fi (TEMS\u0130L-DER), din e\u011fitimi, kad\u0131n\/aile \u00e7al\u0131\u015fmalar\u0131 ve gen\u00e7lik faaliyetleri alanlar\u0131nda toplumsal katk\u0131 sunacak bireylerin yeti\u015fmesini hedefliyor. Bu kapsamda, 2025-2026 g\u00fcz ve bahar d\u00f6nemlerini kapsayan 8 ayl\u0131k Staj ve Burs Program\u0131 i\u00e7in yeni d\u00f6nem ba\u015fvurular\u0131n\u0131 ba\u015flat\u0131yoruz.<\/p><p>Bu programa kat\u0131lan bursiyer ve stajyerlerin dernek faaliyetlerine aktif kat\u0131l\u0131m sa\u011flayarak saha deneyimi kazanmalar\u0131, proje \u00fcretmeleri ve toplumsal katk\u0131 sunacak \u00e7al\u0131\u015fmalarda yer almalar\u0131 hedeflenmektedir.<\/p>  \n            \t<\/div>\n        \t        <\/div>\n        \t\t\t\t<\/div>\n\t\t\t\t<\/div>\n\t\t\t\t<div class=\"elementor-element elementor-element-ca717da elementor-widget elementor-widget-rs-heading\" data-id=\"ca717da\" data-element_type=\"widget\" data-widget_type=\"rs-heading.default\">\n\t\t\t\t<div class=\"elementor-widget-container\">\n\t\t\t\t\t\n        <div class=\"prelements-heading default animate-  normal_color  subnormal_color dots_no subnormal_color\">\n        \t<div class=\"title-inner\">      \t\t\n\t            <span class=\"sub-text\">Program \u0130\u00e7eri\u011fi ve G\u00f6revler\n<\/span>\t\t\t\t\n\t\t\t\t\t        <\/div>\n\t                    \t<div class=\"description\">\n            \t\t            \t\t<p>Kat\u0131l\u0131mc\u0131lardan, a\u015fa\u011f\u0131daki alanlarda g\u00f6rev almalar\u0131 beklenmektedir:<\/p><ul><li>Sosyal medya i\u00e7eriklerinin haz\u0131rlanmas\u0131 ve takibi,<\/li><li>E\u011fitim, seminer ve gen\u00e7lik programlar\u0131n\u0131n organizasyonu,<\/li><li>Etkinliklere aktif kat\u0131l\u0131m,<\/li><li>Raporlama, metin d\u00fczenleme ve tashih \u00e7al\u0131\u015fmalar\u0131,<\/li><li>G\u00f6n\u00fcll\u00fcl\u00fck esasl\u0131 sorumluluk \u00fcstlenimi<\/li><\/ul>  \n            \t<\/div>\n        \t        <\/div>\n        \t\t\t\t<\/div>\n\t\t\t\t<\/div>\n\t\t\t\t<div class=\"elementor-element elementor-element-c55ae35 elementor-widget elementor-widget-rs-heading\" data-id=\"c55ae35\" data-element_type=\"widget\" data-widget_type=\"rs-heading.default\">\n\t\t\t\t<div class=\"elementor-widget-container\">\n\t\t\t\t\t\n        <div class=\"prelements-heading default animate-  normal_color  subnormal_color dots_no subnormal_color\">\n        \t<div class=\"title-inner\">      \t\t\n\t            <span class=\"sub-text\">Kimler Ba\u015fvurabilir?<\/span>\t\t\t\t\n\t\t\t\t\t        <\/div>\n\t                    \t<div class=\"description\">\n            \t\t            \t\t<p>A\u015fa\u011f\u0131daki b\u00f6l\u00fcmlerde en az lisans 2. s\u0131n\u0131f \u00f6\u011frencisi olan adaylar ba\u015fvurabilir:<\/p><ul><li>Psikoloji\/ Psikolojik Dan\u0131\u015fmanl\u0131k ve Rehberlik<\/li><li>T\u00fcrk Dili ve Edebiyat\u0131<\/li><li>\u0130lahiyat \/ \u0130slami \u0130limler<\/li><li>Din K\u00fclt\u00fcr\u00fc ve Ahlak Bilgisi \u00d6\u011fretmenli\u011fi<\/li><li>Okul \u00d6ncesi \u00d6\u011fretmenli\u011fi<\/li><li>Grafik Tasar\u0131m, Yeni Medya ve ilgili di\u011fer b\u00f6l\u00fcmler<\/li><\/ul>  \n            \t<\/div>\n        \t        <\/div>\n        \t\t\t\t<\/div>\n\t\t\t\t<\/div>\n\t\t\t\t<div class=\"elementor-element elementor-element-60ce4ad elementor-widget elementor-widget-rs-heading\" data-id=\"60ce4ad\" data-element_type=\"widget\" data-widget_type=\"rs-heading.default\">\n\t\t\t\t<div class=\"elementor-widget-container\">\n\t\t\t\t\t\n        <div class=\"prelements-heading default animate-  normal_color  subnormal_color dots_no subnormal_color\">\n        \t<div class=\"title-inner\">      \t\t\n\t            <span class=\"sub-text\">Adaylardan ayr\u0131ca \u015funlar beklenir:<\/span>\t\t\t\t\n\t\t\t\t\t        <\/div>\n\t                    \t<div class=\"description\">\n            \t\t            \t\t<ul><li><p>Tak\u0131m \u00e7al\u0131\u015fmas\u0131na uyumlu ve ileti\u015fime a\u00e7\u0131k olmak,<\/p><\/li><li><p>Sorumluluk alabilen, \u00fcretken ve disiplinli olmak,<\/p><\/li><li><p>Geli\u015fime a\u00e7\u0131k ve \u00f6\u011frenmeye istekli olmak<\/p><\/li><\/ul>  \n            \t<\/div>\n        \t        <\/div>\n        \t\t\t\t<\/div>\n\t\t\t\t<\/div>\n\t\t\t\t<div class=\"elementor-element elementor-element-79f38fb elementor-widget elementor-widget-rs-heading\" data-id=\"79f38fb\" data-element_type=\"widget\" data-widget_type=\"rs-heading.default\">\n\t\t\t\t<div class=\"elementor-widget-container\">\n\t\t\t\t\t\n        <div class=\"prelements-heading default animate-  normal_color  subnormal_color dots_no subnormal_color\">\n        \t<div class=\"title-inner\">      \t\t\n\t            <span class=\"sub-text\">Ba\u015fvuru \u0130\u00e7in Gerekli Belgeler<\/span>\t\t\t\t\n\t\t\t\t\t        <\/div>\n\t                    \t<div class=\"description\">\n            \t\t            \t\t<ul><li><p>G\u00fcncel ve ayr\u0131nt\u0131l\u0131 \u00f6zge\u00e7mi\u015f (CV)<\/p><\/li><li><p>\u00d6\u011frenci belgesi (g\u00fcncel)<\/p><\/li><\/ul>  \n            \t<\/div>\n        \t        <\/div>\n        \t\t\t\t<\/div>\n\t\t\t\t<\/div>\n\t\t\t\t<div class=\"elementor-element elementor-element-bef866d elementor-widget elementor-widget-rs-heading\" data-id=\"bef866d\" data-element_type=\"widget\" data-widget_type=\"rs-heading.default\">\n\t\t\t\t<div class=\"elementor-widget-container\">\n\t\t\t\t\t\n        <div class=\"prelements-heading default animate-  normal_color  subnormal_color dots_no subnormal_color\">\n        \t<div class=\"title-inner\">      \t\t\n\t            <span class=\"sub-text\">Ba\u015fvuru ve Program Takvimi<\/span>\t\t\t\t\n\t\t\t\t\t        <\/div>\n\t                    \t<div class=\"description\">\n            \t\t            \t\t<ul><li data-prosemirror-content-type=\"node\" data-prosemirror-node-name=\"listItem\" data-prosemirror-node-block=\"true\"><p data-prosemirror-content-type=\"node\" data-prosemirror-node-name=\"paragraph\" data-prosemirror-node-block=\"true\">Ba\u015fvuru Tarihleri: 1 A\u011fustos\u201321 Eyl\u00fcl 2025<\/p><\/li><li data-prosemirror-content-type=\"node\" data-prosemirror-node-name=\"listItem\" data-prosemirror-node-block=\"true\"><p data-prosemirror-content-type=\"node\" data-prosemirror-node-name=\"paragraph\" data-prosemirror-node-block=\"true\">M\u00fclakata \u00c7a\u011fr\u0131lan Adaylar\u0131n \u0130lan\u0131: 22 Eyl\u00fcl 2025<\/p><\/li><li data-prosemirror-content-type=\"node\" data-prosemirror-node-name=\"listItem\" data-prosemirror-node-block=\"true\"><p data-prosemirror-content-type=\"node\" data-prosemirror-node-name=\"paragraph\" data-prosemirror-node-block=\"true\">M\u00fclakat G\u00fcn\u00fc: 23 Eyl\u00fcl 2025<\/p><\/li><li data-prosemirror-content-type=\"node\" data-prosemirror-node-name=\"listItem\" data-prosemirror-node-block=\"true\"><p data-prosemirror-content-type=\"node\" data-prosemirror-node-name=\"paragraph\" data-prosemirror-node-block=\"true\">Program Ba\u015flang\u0131c\u0131: 1 Ekim 2025<\/p><\/li><\/ul>  \n            \t<\/div>\n        \t        <\/div>\n        \t\t\t\t<\/div>\n\t\t\t\t<\/div>\n\t\t\t\t<div class=\"elementor-element elementor-element-3199720 elementor-widget elementor-widget-rs-heading\" data-id=\"3199720\" data-element_type=\"widget\" data-widget_type=\"rs-heading.default\">\n\t\t\t\t<div class=\"elementor-widget-container\">\n\t\t\t\t\t\n        <div class=\"prelements-heading default animate-  normal_color  subnormal_color dots_no subnormal_color\">\n        \t<div class=\"title-inner\">      \t\t\n\t            <span class=\"sub-text\">Ek Bilgilendirmeler<\/span>\t\t\t\t\n\t\t\t\t\t        <\/div>\n\t                    \t<div class=\"description\">\n            \t\t            \t\t<ul><li>Program s\u00fcresi: 8 ay<\/li><li>Kat\u0131l\u0131mc\u0131lara belge (sertifika) verilecektir.<\/li><li>Ula\u015f\u0131m masraflar\u0131 kat\u0131l\u0131mc\u0131ya aittir.<\/li><li>Program boyunca bar\u0131nma deste\u011fi sunulmamaktad\u0131r.<\/li><li>Eksik belge ile yap\u0131lan ba\u015fvurular de\u011ferlendirmeye al\u0131nmayacakt\u0131r.<\/li><li>\u0130stanbul\u2019da e\u011fitim g\u00f6ren adaylara y\u00f6neliktir.<\/li><\/ul>  \n            \t<\/div>\n        \t        <\/div>\n        \t\t\t\t<\/div>\n\t\t\t\t<\/div>\n\t\t\t\t<div class=\"elementor-element elementor-element-b001a33 elementor-widget elementor-widget-rs-heading\" data-id=\"b001a33\" data-element_type=\"widget\" data-widget_type=\"rs-heading.default\">\n\t\t\t\t<div class=\"elementor-widget-container\">\n\t\t\t\t\t\n        <div class=\"prelements-heading default animate-  normal_color  subnormal_color dots_no subnormal_color\">\n        \t<div class=\"title-inner\">      \t\t\n\t            \t\t\t\t\n\t\t\t\t\t        <\/div>\n\t                    \t<div class=\"description\">\n            \t\t            \t\t<p>Sen de bu ekibin bir par\u00e7as\u0131 olmak ister misin?<\/p><p>Topluma katk\u0131 sunan projelerde g\u00f6rev almak, alan\u0131nda geli\u015fmek ve ger\u00e7ek deneyimler edinmek istiyorsan seni de TEMS\u0130L-DER\u2019e bekliyoruz!<\/p>  \n            \t<\/div>\n        \t        <\/div>\n        \t\t\t\t<\/div>\n\t\t\t\t<\/div>\n\t\t\t\t<div class=\"elementor-element elementor-element-71a8f32 elementor-icon-list--layout-traditional elementor-list-item-link-full_width elementor-widget elementor-widget-icon-list\" data-id=\"71a8f32\" data-element_type=\"widget\" data-widget_type=\"icon-list.default\">\n\t\t\t\t<div class=\"elementor-widget-container\">\n\t\t\t\t\t\t\t<ul class=\"elementor-icon-list-items\">\n\t\t\t\t\t\t\t<li class=\"elementor-icon-list-item\">\n\t\t\t\t\t\t\t\t\t\t\t<a href=\"https:\/\/forms.gle\/t9xXMzgnozemoxjQ8\" target=\"_blank\">\n\n\t\t\t\t\t\t\t\t\t\t\t\t<span class=\"elementor-icon-list-icon\">\n\t\t\t\t\t\t\t\t\t\t\t\t\t<\/span>\n\t\t\t\t\t\t\t\t\t\t<span class=\"elementor-icon-list-text\">Ba\u015fvuru \u0130\u00e7in T\u0131klay\u0131n\u0131z.<\/span>\n\t\t\t\t\t\t\t\t\t\t\t<\/a>\n\t\t\t\t\t\t\t\t\t<\/li>\n\t\t\t\t\t\t<\/ul>\n\t\t\t\t\t\t<\/div>\n\t\t\t\t<\/div>\n\t\t\t\t\t<\/div>\n\t\t<\/div>\n\t\t\t\t\t<\/div>\n\t\t<\/section>\n\t\t\t\t<\/div>","protected":false},"excerpt":{"rendered":"<p>Temsil E\u011fitim ve K\u00fclt\u00fcr Derne\u011fi (TEMS\u0130L-DER), din e\u011fitimi, kad\u0131n\/aile \u00e7al\u0131\u015fmalar\u0131 ve gen\u00e7lik faaliyetleri alanlar\u0131nda toplumsal katk\u0131 sunacak bireylerin yeti\u015fmesini hedefliyor. Bu kapsamda, 2025-2026 g\u00fcz ve bahar d\u00f6nemlerini kapsayan 8 ayl\u0131k Staj ve Burs Program\u0131 i\u00e7in yeni d\u00f6nem ba\u015fvurular\u0131n\u0131 ba\u015flat\u0131yoruz. Bu programa kat\u0131lan bursiyer ve stajyerlerin dernek faaliyetlerine aktif kat\u0131l\u0131m sa\u011flayarak saha deneyimi kazanmalar\u0131, proje \u00fcretmeleri&#8230;<\/p>","protected":false},"author":1,"featured_media":97864,"comment_status":"closed","ping_status":"closed","sticky":false,"template":"","format":"standard","meta":{"_themeisle_gutenberg_block_has_review":false,"footnotes":""},"categories":[48],"tags":[],"_links":{"self":[{"href":"https:\/\/www.temsilder.org.tr\/en\/wp-json\/wp\/v2\/posts\/97753"}],"collection":[{"href":"https:\/\/www.temsilder.org.tr\/en\/wp-json\/wp\/v2\/posts"}],"about":[{"href":"https:\/\/www.temsilder.org.tr\/en\/wp-json\/wp\/v2\/types\/post"}],"author":[{"embeddable":true,"href":"https:\/\/www.temsilder.org.tr\/en\/wp-json\/wp\/v2\/users\/1"}],"replies":[{"embeddable":true,"href":"https:\/\/www.temsilder.org.tr\/en\/wp-json\/wp\/v2\/comments?post=97753"}],"version-history":[{"count":8,"href":"https:\/\/www.temsilder.org.tr\/en\/wp-json\/wp\/v2\/posts\/97753\/revisions"}],"predecessor-version":[{"id":97868,"href":"https:\/\/www.temsilder.org.tr\/en\/wp-json\/wp\/v2\/posts\/97753\/revisions\/97868"}],"wp:featuredmedia":[{"embeddable":true,"href":"https:\/\/www.temsilder.org.tr\/en\/wp-json\/wp\/v2\/media\/97864"}],"wp:attachment":[{"href":"https:\/\/www.temsilder.org.tr\/en\/wp-json\/wp\/v2\/media?parent=97753"}],"wp:term":[{"taxonomy":"category","embeddable":true,"href":"https:\/\/www.temsilder.org.tr\/en\/wp-json\/wp\/v2\/categories?post=97753"},{"taxonomy":"post_tag","embeddable":true,"href":"https:\/\/www.temsilder.org.tr\/en\/wp-json\/wp\/v2\/tags?post=97753"}],"curies":[{"name":"wp","href":"https:\/\/api.w.org\/{rel}","templated":true}]}}