{"id":97641,"date":"2025-05-18T20:53:47","date_gmt":"2025-05-18T20:53:47","guid":{"rendered":"https:\/\/www.temsilder.org.tr\/?p=97641"},"modified":"2025-05-18T20:57:37","modified_gmt":"2025-05-18T20:57:37","slug":"2-olagan-genel-kurul-gerceklesti","status":"publish","type":"post","link":"https:\/\/www.temsilder.org.tr\/en\/2-olagan-genel-kurul-gerceklesti\/","title":{"rendered":"2.OLA\u011eAN GENEL KURUL GER\u00c7EKLE\u015eT\u0130"},"content":{"rendered":"<p>Temsil E\u011fitim ve K\u00fclt\u00fcr Derne\u011fi (Temsil-Der)&nbsp; 2. Ola\u011fan Genel Kurulu 18 May\u0131s 2025 Cumartesi g\u00fcn\u00fc dernek merkezinde 14:30\u2019da ger\u00e7ekle\u015ftirildi.<\/p>\n\n\n\n<p>Dernek \u00fcyelerin kat\u0131l\u0131m sa\u011flad\u0131\u011f\u0131 ola\u011fan genel kurulda, yap\u0131lan yoklamada ola\u011fan genel kurula kat\u0131lma hak ve yetkisi bulunan 31 \u00fcyeden 20 \u00fcyenin haz\u0131r bulundu\u011fu tespit edildi. Salt \u00e7o\u011funluk sa\u011fland\u0131\u011f\u0131 i\u00e7in ola\u011fan&nbsp; genel kurula ge\u00e7ildi.<\/p>\n\n\n\n<p>Aziz \u015fehitlerimiz ve gazilerimiz an\u0131s\u0131na 1 dakikal\u0131k sayg\u0131 duru\u015fu ve \u0130stiklal Mar\u015f\u0131n\u0131n ard\u0131ndan genel kurul, Fahrittin Bayuk\u2019u divan ba\u015fkanl\u0131\u011f\u0131na, U\u011fur Aydo\u011fan ve \u00dcmit Ya\u015far Toprak\u2019\u0131 katip \u00fcyeli\u011fe se\u00e7ti.<\/p>\n\n\n\n<p>Divan kurulu ba\u015fkan\u0131 Fahrittin Bayuk selamlama konu\u015fmalar\u0131n\u0131n ard\u0131ndan genel sekreter \u00dczeyir Canbaz\u2019a s\u00f6z hakk\u0131 verdi. \u00dczeyir Canbaz, faaliyet raporunu ve gelir-gider raporunu genel kurula sundu. Divan kurulu&nbsp; ba\u015fkan\u0131 Fahrittin Bayuk, y\u00f6netim kurulunun ve denetim kurulunun ibras\u0131n\u0131 genel kurula sundu, oy birli\u011fiyle kabul edildi.<\/p>\n\n\n\n<p>Divan kurulu ba\u015fkan\u0131 Fahrittin Bayuk,&nbsp; yeni y\u00f6netim kurulu as\u0131l ve yedek \u00fcyelerini, denetim kurulu as\u0131l yedek ve \u00fcyelerini genel kurulun oylamas\u0131na sundu ve oy birli\u011fiyle yeni y\u00f6netim ve denetim kurullar\u0131 se\u00e7ildi.<\/p>\n\n\n\n<p>Yap\u0131lan se\u00e7im sonucunda yeni y\u00f6netim ve denetim kurullar\u0131 \u015fu \u015fekilde \u015fekillendi:<\/p>\n\n\n\n<p>Y\u00d6NET\u0130M KURULU AS\u0130L<\/p>\n\n\n\n<ol start=\"1\">\n<li>S\u00fcleyman Saka-Y\u00f6netim Kurulu Ba\u015fkan\u0131<\/li>\n\n\n\n<li>Mustafa Burhan-Ba\u015fkan Yard\u0131mc\u0131s\u0131<\/li>\n\n\n\n<li>Merve Karaca- Ba\u015fkan Yard\u0131mc\u0131s\u0131<\/li>\n\n\n\n<li>Filiz Burhan-Sekreter<\/li>\n\n\n\n<li>\u00d6mer Atabey -Sayman<\/li>\n\n\n\n<li>Emir Karaca -\u00dcye<\/li>\n\n\n\n<li>Fat\u0131ma Bet\u00fcl Yanarate\u015f -\u00dcye<\/li>\n<\/ol>\n\n\n\n<p>Y\u00d6NET\u0130M KURULU YEDEK<\/p>\n\n\n\n<ol start=\"1\">\n<li>Aliaattin Demirta\u015f<\/li>\n\n\n\n<li>Volkan Korkmaz<\/li>\n\n\n\n<li>Ahmet Talha Atabey<\/li>\n\n\n\n<li>Atilla Ko\u00e7<\/li>\n\n\n\n<li>\u00dcmit Ya\u015far Toprak<\/li>\n<\/ol>\n\n\n\n<p>DENETLEME KURULU AS\u0130L<\/p>\n\n\n\n<ol start=\"1\">\n<li>Yavuz Karaca<\/li>\n\n\n\n<li>Mehmet G\u00f6kcek<\/li>\n\n\n\n<li>Do\u011fan Demir<\/li>\n<\/ol>\n\n\n\n<p>DENETLEME KURULU YEDEK<\/p>\n\n\n\n<ol start=\"1\">\n<li>Serkan Demirt\u00fcrk<\/li>\n\n\n\n<li>Hacer \u0130nce<\/li>\n\n\n\n<li>Elif Girgin<\/li>\n<\/ol>\n\n\n\n<p>Divan kurulu ba\u015fkan\u0131 Fahrittin Bayuk s\u0131ras\u0131yla genel kurula y\u00f6netim kurulunu yetkilendirme maddelerini sundu. T\u00fcm maddeler oy birli\u011fiyle genel kuruldan ge\u00e7ti.<\/p>\n\n\n\n<p>Divan kurulu y\u00f6netim kurulu ba\u015fkan\u0131 S\u00fcleyman Saka\u2019ya te\u015fekk\u00fcr konu\u015fmas\u0131 yapmak \u00fczere s\u00f6z hakk\u0131 verdi. Te\u015fekk\u00fcr konu\u015fmas\u0131nda S\u00fcleyman Saka, \u201cGe\u00e7mi\u015f d\u00f6nem y\u00f6netim kurular\u0131m\u0131za g\u00f6rev yapm\u0131\u015f t\u00fcm \u00fcyelerimize te\u015fekk\u00fcr ederim, yeni d\u00f6nemde G\u00f6kt\u00fcrk semtimize odaklan\u0131p faaliyetlerimize h\u0131z kazand\u0131rmay\u0131 hedefliyoruz. Sorumlulu\u011fumuz daha da artt\u0131, genel kurulun daha \u00e7ok deste\u011fine ihtiyac\u0131m\u0131z var\u201d dedi.<\/p>\n\n\n\n<p>Dernek kurucumuz, y\u00f6netim kurulu eski ba\u015fkan\u0131m\u0131z Nurettin Ceylan, \u201c4 y\u0131ld\u0131r \u00fcstlendi\u011fimiz bu vazifeyi yeni y\u00f6netime devretmenin bahtiyarl\u0131\u011f\u0131n\u0131 ya\u015f\u0131yorum. Dernek bundan sonra semtimize daha \u00e7ok hizmet etmek i\u00e7in sorumluluk ald\u0131, yeni y\u00f6netime ba\u015far\u0131lar diliyorum\u201d dedi. Genel kurul dilek ve temennilerin ard\u0131ndan sona erdi.<\/p>\n\n\n\n<p><\/p>","protected":false},"excerpt":{"rendered":"<p>Temsil E\u011fitim ve K\u00fclt\u00fcr Derne\u011fi (Temsil-Der)&nbsp; 2. Ola\u011fan Genel Kurulu 18 May\u0131s 2025 Cumartesi g\u00fcn\u00fc dernek merkezinde 14:30\u2019da ger\u00e7ekle\u015ftirildi. Dernek \u00fcyelerin kat\u0131l\u0131m sa\u011flad\u0131\u011f\u0131 ola\u011fan genel kurulda, yap\u0131lan yoklamada ola\u011fan genel kurula kat\u0131lma hak ve yetkisi bulunan 31 \u00fcyeden 20 \u00fcyenin haz\u0131r bulundu\u011fu tespit edildi. Salt \u00e7o\u011funluk sa\u011fland\u0131\u011f\u0131 i\u00e7in ola\u011fan&nbsp; genel kurula ge\u00e7ildi. Aziz \u015fehitlerimiz ve&#8230;<\/p>","protected":false},"author":1,"featured_media":97642,"comment_status":"closed","ping_status":"closed","sticky":false,"template":"","format":"standard","meta":{"_themeisle_gutenberg_block_has_review":false,"footnotes":""},"categories":[48],"tags":[],"_links":{"self":[{"href":"https:\/\/www.temsilder.org.tr\/en\/wp-json\/wp\/v2\/posts\/97641"}],"collection":[{"href":"https:\/\/www.temsilder.org.tr\/en\/wp-json\/wp\/v2\/posts"}],"about":[{"href":"https:\/\/www.temsilder.org.tr\/en\/wp-json\/wp\/v2\/types\/post"}],"author":[{"embeddable":true,"href":"https:\/\/www.temsilder.org.tr\/en\/wp-json\/wp\/v2\/users\/1"}],"replies":[{"embeddable":true,"href":"https:\/\/www.temsilder.org.tr\/en\/wp-json\/wp\/v2\/comments?post=97641"}],"version-history":[{"count":2,"href":"https:\/\/www.temsilder.org.tr\/en\/wp-json\/wp\/v2\/posts\/97641\/revisions"}],"predecessor-version":[{"id":97644,"href":"https:\/\/www.temsilder.org.tr\/en\/wp-json\/wp\/v2\/posts\/97641\/revisions\/97644"}],"wp:featuredmedia":[{"embeddable":true,"href":"https:\/\/www.temsilder.org.tr\/en\/wp-json\/wp\/v2\/media\/97642"}],"wp:attachment":[{"href":"https:\/\/www.temsilder.org.tr\/en\/wp-json\/wp\/v2\/media?parent=97641"}],"wp:term":[{"taxonomy":"category","embeddable":true,"href":"https:\/\/www.temsilder.org.tr\/en\/wp-json\/wp\/v2\/categories?post=97641"},{"taxonomy":"post_tag","embeddable":true,"href":"https:\/\/www.temsilder.org.tr\/en\/wp-json\/wp\/v2\/tags?post=97641"}],"curies":[{"name":"wp","href":"https:\/\/api.w.org\/{rel}","templated":true}]}}